{"id":1820,"date":"2025-11-09T16:21:34","date_gmt":"2025-11-09T16:21:34","guid":{"rendered":"https:\/\/www.eurovan-dania.com.pl\/?p=1820"},"modified":"2025-11-09T16:21:34","modified_gmt":"2025-11-09T16:21:34","slug":"paczki-z-polski-do-danii-na-swieta-jak-wyslac-na-czas-i-nie-przeplacic","status":"publish","type":"post","link":"https:\/\/www.eurovan-dania.com.pl\/?p=1820","title":{"rendered":"Paczki z Polski do Danii na \u015bwi\u0119ta \u2013 jak wys\u0142a\u0107 na czas i nie przep\u0142aci\u0107?"},"content":{"rendered":"\n<h3 class=\"wp-block-heading\">\ud83c\udf81 Grudzie\u0144 coraz bli\u017cej \u2013 a Twoja paczka jeszcze nie spakowana?<\/h3>\n\n\n\n<p>Brzmi znajomo? \ud83d\ude09<br>Ka\u017cdego roku obiecujemy sobie, \u017ce tym razem zrobimy wszystko wcze\u015bniej.<br>\u017be kupimy prezenty w listopadzie, \u017ce zapakujemy je w weekend, \u017ce wy\u015blemy \u201ena spokojnie\u201d.<br>A potem&#8230; nagle okazuje si\u0119, \u017ce do Wigilii zosta\u0142 tydzie\u0144, a Twoja paczka z prezentami, piernikami i \u015bwi\u0105tecznymi \u017cyczeniami wci\u0105\u017c stoi przy drzwiach, patrz\u0105c na Ciebie wyrzutowym wzrokiem. \ud83c\udf85\ud83d\udce6<\/p>\n\n\n\n<p>Nie ma co si\u0119 oszukiwa\u0107 \u2014 <strong>grudzie\u0144 ma magiczn\u0105 moc przyspieszania czasu.<\/strong><br>Tydzie\u0144 znika w mgnieniu oka, a linie paczkowe i firmy kurierskie prze\u017cywaj\u0105 prawdziwe obl\u0119\u017cenie.<br>Dlatego je\u015bli chcesz, \u017ceby Tw\u00f3j prezent dotar\u0142 <strong>na czas, w ca\u0142o\u015bci i bez stresu<\/strong>, nie warto odk\u0142ada\u0107 tego na ostatni\u0105 chwil\u0119.<\/p>\n\n\n\n<p>W EuroVan Dania wiemy, jak wygl\u0105da przed\u015bwi\u0105teczny sza\u0142 od kuchni \u2014 dos\u0142ownie i w przeno\u015bni.<br>Nasi kierowcy widzieli ju\u017c wszystko: od paczek z karpiem w s\u0142oiku po prezenty zapakowane w\u2026 kocyk z reniferami \ud83e\udd8c\ud83c\udf81<br>Dlatego zebrali\u015bmy kilka prostych, ale sprawdzonych zasad, kt\u00f3re pomog\u0105 Ci <strong>nada\u0107 paczk\u0119 z Polski do Danii (lub odwrotnie)<\/strong> szybko, bezpiecznie i bez nerw\u00f3w.<\/p>\n\n\n\n<h3 class=\"wp-block-heading\">\ud83d\ude9b 1. Sprawd\u017a terminy wyjazd\u00f3w<\/h3>\n\n\n\n<p>To absolutna podstawa, je\u015bli chcesz, \u017ceby Twoja paczka nie utkn\u0119\u0142a gdzie\u015b pomi\u0119dzy pierogami a reniferem. \ud83c\udf85\ud83d\udce6<br>W okresie przed\u015bwi\u0105tecznym <strong>ruch na trasie Polska\u2013Dania ro\u015bnie lawinowo<\/strong> \u2014 i to dos\u0142ownie. Ilo\u015b\u0107 przesy\u0142ek potrafi si\u0119 podwoi\u0107, a wolne miejsca w busach znikaj\u0105 szybciej ni\u017c uszka z barszczu w wigilijny wiecz\u00f3r.<\/p>\n\n\n\n<p>Dlatego je\u015bli planujesz wys\u0142a\u0107 prezenty, pami\u0105tki lub rzeczy dla bliskich, <strong>nie czekaj na ostatni\u0105 chwil\u0119<\/strong>.<br>Zarezerwuj transport z wyprzedzeniem \u2013 wtedy masz pewno\u015b\u0107, \u017ce kierowca odbierze paczk\u0119 na spokojnie, a wszystko dotrze tam, gdzie trzeba, zanim spiker w radiu og\u0142osi \u201eLast Christmas\u201d. \ud83c\udfb6<\/p>\n\n\n\n<p>W EuroVan Dania kursy odbywaj\u0105 si\u0119 <strong>regularnie w obu kierunkach \u2013 z Polski do Danii i z Danii do Polski<\/strong>, ale w grudniu terminarz potrafi wype\u0142ni\u0107 si\u0119 b\u0142yskawicznie.<br>Ka\u017cdego roku widzimy to samo: 10 grudnia telefony si\u0119 urywaj\u0105, a ka\u017cdy m\u00f3wi to samo zdanie \u2013 <em>\u201eczy jeszcze zd\u0105\u017cy?\u201d<\/em>.<\/p>\n\n\n\n<p>\ud83d\udcc5 <strong>Wskaz\u00f3wka od naszych kierowc\u00f3w:<\/strong><br>Najlepszy moment na nadanie \u015bwi\u0105tecznej paczki to <strong>koniec listopada lub pierwszy tydzie\u0144 grudnia<\/strong>.<br>Dzi\u0119ki temu unikniesz po\u015bpiechu, nerw\u00f3w i ryzyka, \u017ce Twoje prezenty utkn\u0105 gdzie\u015b po drodze w \u015bwi\u0105tecznym korku. \ud83d\udea6<\/p>\n\n\n\n<p>Bo pami\u0119taj \u2013 Miko\u0142aj te\u017c planuje swoje trasy z wyprzedzeniem. \ud83d\ude09<\/p>\n\n\n\n<h3 class=\"wp-block-heading\">\ud83c\udf81 2. Zadbaj o odpowiednie pakowanie prezent\u00f3w<\/h3>\n\n\n\n<p>Nie ma co ukrywa\u0107 \u2014 \u015bwi\u0105teczne paczki potrafi\u0105 by\u0107 ma\u0142ymi dzie\u0142ami sztuki (albo controlled chaos \ud83d\ude05).<br>Widzieli\u015bmy ju\u017c wszystko: pierniki owijane w \u015bwi\u0105teczne serwetki, s\u0142oiki z bigosem oblepione ta\u015bm\u0105 niczym forteca, a nawet butelk\u0119 nalewki w czapce Miko\u0142aja \ud83c\udf85\ud83c\udf77.<\/p>\n\n\n\n<p>Ale prawda jest taka, \u017ce <strong>nawet najpi\u0119kniejszy prezent nie przetrwa podr\u00f3\u017cy<\/strong>, je\u015bli nie zostanie dobrze zabezpieczony.<br>W trasie mi\u0119dzy Polsk\u0105 a Dani\u0105 paczki potrafi\u0105 pokona\u0107 setki kilometr\u00f3w, zmienia\u0107 temperatur\u0119, by\u0107 przek\u0142adane i uk\u0142adane razem z innymi. Dlatego najwa\u017cniejsze to my\u015ble\u0107 <strong>praktycznie, nie tylko estetycznie<\/strong>.<\/p>\n\n\n\n<p>\u2705 <strong>U\u017cyj solidnego kartonu (najlepiej nowego)<\/strong> \u2013 stary, mi\u0119kki karton po butach mo\u017ce nie wytrzyma\u0107 drogi, zw\u0142aszcza je\u015bli w \u015brodku jest co\u015b ci\u0119\u017cszego.<br>\u2705 <strong>Wype\u0142nij wolne przestrzenie<\/strong> \u2013 gazeta, folia b\u0105belkowa, papier pakowy, a nawet mi\u0119kka odzie\u017c to Twoi najlepsi przyjaciele.<br>\u2705 <strong>Ka\u017cdy prezent zapakuj osobno<\/strong> \u2013 szczeg\u00f3lnie je\u015bli w jednej paczce s\u0105 przedmioty o r\u00f3\u017cnych kszta\u0142tach i twardo\u015bci.<br>\u2705 <strong>Zrezygnuj z ozdobnych torebek<\/strong> \u2013 wygl\u0105daj\u0105 pi\u0119knie pod choink\u0105, ale w busie to tylko papierowa dekoracja, kt\u00f3ra nie ochroni zawarto\u015bci.<\/p>\n\n\n\n<p>\ud83c\udf80 <strong>Pro tip od kierowc\u00f3w EuroVan Dania:<\/strong><br>Nie pakuj wszystkiego \u201ena \u015bcisk\u201d \u2013 lepiej, \u017ceby rzeczy mia\u0142y odrobin\u0119 luzu i amortyzacji. Zbyt mocno wype\u0142niony karton mo\u017ce p\u0119kn\u0105\u0107 przy przenoszeniu.<\/p>\n\n\n\n<p>I pami\u0119taj \u2013 nawet w czasach paczkomat\u00f3w i szybkich przesy\u0142ek, <strong>nic nie przebije u\u015bmiechu po otwarciu paczki z r\u0119cznie napisan\u0105 kartk\u0105.<\/strong><br>To w\u0142a\u015bnie te drobiazgi sprawiaj\u0105, \u017ce kilometr\u00f3w mi\u0119dzy Polsk\u0105 a Dani\u0105 jakby ubywa. \u2764\ufe0f<\/p>\n\n\n\n<h3 class=\"wp-block-heading\">\ud83d\udcb0 3. Nie przep\u0142acaj \u2013 wybierz transport, nie kuriera sieciowego<\/h3>\n\n\n\n<p>Grudzie\u0144 to miesi\u0105c cud\u00f3w, ale niekoniecznie na fakturach firm kurierskich \ud83d\ude09<br>Wraz z pocz\u0105tkiem sezonu \u015bwi\u0105tecznego <strong>wi\u0119kszo\u015b\u0107 du\u017cych sieci wprowadza tzw. dop\u0142aty sezonowe<\/strong>, ograniczenia wagowe i limity liczby przesy\u0142ek.<br>Efekt? Paczka, kt\u00f3ra w listopadzie kosztowa\u0142a 100 z\u0142, w grudniu potrafi kosztowa\u0107 150 z\u0142 \u2013 a mimo to i tak cz\u0119sto utknie w magazynie, czekaj\u0105c na \u201emagicznego\u201d Miko\u0142aja z sortowni.<\/p>\n\n\n\n<p>Dlatego coraz wi\u0119cej os\u00f3b wybiera <strong>transport door-to-door<\/strong>, czyli us\u0142ug\u0119, w kt\u00f3rej paczka nie znika w systemie, tylko jedzie bezpo\u015brednio z punktu A do punktu B \u2013 prosto pod wskazany adres.<\/p>\n\n\n\n<p>W EuroVan Dania nie ma \u017cadnych niespodzianek ani ma\u0142ych druczk\u00f3w.<br>\ud83d\udcb8 P\u0142acisz raz, a w cenie masz:<br>\u2714\ufe0f <strong>transport door-to-door<\/strong> \u2013 odbieramy spod Twoich drzwi i dostarczamy pod drzwi odbiorcy,<br>\u2714\ufe0f <strong>ubezpieczenie<\/strong> \u2013 wliczone w cen\u0119, bez dodatkowych op\u0142at,<br>\u2714\ufe0f <strong>sta\u0142y kontakt z kierowc\u0105<\/strong> \u2013 wiesz, gdzie jest Twoja paczka i kiedy dotrze.<\/p>\n\n\n\n<p>To nie tylko wygoda, ale i spok\u00f3j ducha. Bo Twoje prezenty nie b\u0119d\u0105 \u201ele\u017cakowa\u0107\u201d w magazynie razem z tysi\u0105cami innych przesy\u0142ek \u2013 <strong>one po prostu jad\u0105 do celu.<\/strong> \ud83d\ude9b\ud83c\udf84<\/p>\n\n\n\n<p>A przy okazji&#8230; zostaje Ci wi\u0119cej w portfelu na \u015bwi\u0105teczne pierogi \ud83e\udd5f\ud83d\ude09<\/p>\n\n\n\n<h3 class=\"wp-block-heading\">\ud83c\udf84 4. Zr\u00f3b list\u0119 \u2014 i sprawd\u017a j\u0105 dwa razy (jak Miko\u0142aj \ud83c\udf85)<\/h3>\n\n\n\n<p>Pakowanie \u015bwi\u0105tecznych prezent\u00f3w to nie sprint, tylko maraton. Lista ratuje nerwy i\u2026 paczki. Zanim przyjedzie kierowca, przygotuj spis rzeczy, a potem:<\/p>\n\n\n\n<p><strong>Must-do przed odbiorem:<\/strong><\/p>\n\n\n\n<ul class=\"wp-block-list\">\n<li><strong>Zwa\u017c paczk\u0119<\/strong> (realnie, nie \u201ena oko\u201d). Je\u015bli masz 2\u20133 kartony, zapisz wag\u0119 na ka\u017cdym.<\/li>\n\n\n\n<li><strong>Sprawd\u017a zakazy<\/strong>: brak alkoholu, aerozoli, \u0142atwopalnych rzeczy, \u017cywno\u015bci psuj\u0105cej si\u0119 itd.<\/li>\n\n\n\n<li><strong>Oznacz paczki<\/strong>: np. <em>\u201ePaczka 1\/2 \u2013 Anna K.\u201d<\/em>, <em>\u201ePaczka 2\/2 \u2013 szk\u0142o\u201d<\/em>.<\/li>\n\n\n\n<li><strong>Dane kontaktowe<\/strong> na kartonie: imi\u0119 i telefon nadawcy\/odbiorcy (ma\u0142a naklejka w rogu).<\/li>\n\n\n\n<li><strong>Lista zawarto\u015bci do \u015brodka<\/strong> (kr\u00f3tka: \u201ekurtki, ksi\u0105\u017cki, kubek porcelanowy\u201d), u\u0142atwia identyfikacj\u0119 i ewentualne roszczenia.<\/li>\n\n\n\n<li><strong>\u201eFRAGILE\u201d tylko gdy faktycznie kruche<\/strong> \u2013 i dodatkowo strza\u0142ki \u201eG\u00d3RA\/D\u00d3\u0141\u201d.<\/li>\n<\/ul>\n\n\n\n<p><strong>Pro tipy od kierowc\u00f3w EuroVan Dania:<\/strong><\/p>\n\n\n\n<ul class=\"wp-block-list\">\n<li>U\u017cyj <strong>jednego koloru ta\u015bmy na komplet<\/strong> (np. czerwonej dla 1\/2 i 2\/2) \u2013 szybciej parujemy paczki.<\/li>\n\n\n\n<li>Zr\u00f3b <strong>fotk\u0119 spakowanej paczki<\/strong> (4 boki + g\u00f3ra\/d\u00f3\u0142) \u2013 masz pod r\u0119k\u0105 stan wyj\u015bciowy.<\/li>\n\n\n\n<li><strong>Dodatkowa etykieta w \u015brodku<\/strong> (na wypadek, gdyby ta zewn\u0119trzna si\u0119 odklei\u0142a).<\/li>\n\n\n\n<li>Zabezpiecz na pogod\u0119: <strong>oklej rogi<\/strong>, a przy deszczu dodaj <strong>worka stretch<\/strong>\/folie na wierzch.<\/li>\n\n\n\n<li><strong>Nie prze\u0142adowuj<\/strong>: lepiej dwie \u015brednie ni\u017c jeden \u201ekloc\u201d 35 kg. Kr\u0119gos\u0142up dzi\u0119kuje, a karton nie p\u0119ka.<\/li>\n<\/ul>\n\n\n\n<p>Ma\u0142e rzeczy robi\u0105 du\u017c\u0105 r\u00f3\u017cnic\u0119. Dobrze opisana i zwa\u017cona paczka szybciej trafia na busa, a w trasie trudniej j\u0105 pomyli\u0107. \ud83c\udf85\ud83d\udce6<\/p>\n\n\n\n<h3 class=\"wp-block-heading\">\ud83d\udd53 5. Nie zostawiaj wszystkiego na ostatni\u0105 chwil\u0119<\/h3>\n\n\n\n<p>Ka\u017cdy z nas zna to uczucie \u2014 obiecujesz sobie, \u017ce w tym roku wszystko za\u0142atwisz wcze\u015bniej. A potem przychodzi po\u0142owa grudnia, w tle \u201eLast Christmas\u201d, a Ty stoisz mi\u0119dzy choink\u0105, ta\u015bm\u0105 pakow\u0105 i pierogami, zastanawiaj\u0105c si\u0119, czy Twoja paczka zd\u0105\u017cy dotrze\u0107 przed Wigili\u0105. \ud83d\ude05<\/p>\n\n\n\n<p>Prawda jest taka, \u017ce <strong>\u015bwi\u0119ta to najgorszy moment na improwizacj\u0119.<\/strong><br>Ruch na drogach ro\u015bnie, pogoda p\u0142ata figle, a kurierzy i firmy transportowe maj\u0105 pe\u0142ne r\u0119ce roboty. Dlatego je\u015bli chcesz unikn\u0105\u0107 przed\u015bwi\u0105tecznego stresu, zr\u00f3b sobie prezent wcze\u015bniej \u2013 <strong>zaplanuj odbi\u00f3r paczki z wyprzedzeniem.<\/strong><\/p>\n\n\n\n<p>Wystarczy kilka dni r\u00f3\u017cnicy, a Twoja przesy\u0142ka jedzie spokojnie, nie w panice. Ty w tym czasie mo\u017cesz robi\u0107 to, co naprawd\u0119 \u015bwi\u0105teczne \u2014<br>\ud83c\udf84 klei\u0107 pierogi,<br>\ud83c\udfac ogl\u0105da\u0107 filmy,<br>\u2615 i odpoczywa\u0107 bez telefonu w r\u0119ku.<\/p>\n\n\n\n<p>\u2764\ufe0f <strong>EuroVan Dania \u2013 z Polski do Danii (i z powrotem)<\/strong><\/p>\n\n\n\n<p>Ka\u017cdego roku wozimy setki \u015bwi\u0105tecznych paczek \u2013 od drobiazg\u00f3w zapakowanych przez dzieci po ca\u0142e kartony rodzinnych smako\u0142yk\u00f3w.<br>Wiemy, \u017ce w \u015brodku cz\u0119sto nie ma tylko prezent\u00f3w, ale <strong>kawa\u0142ek domu<\/strong>, zapach \u015bwi\u0105t i emocje, kt\u00f3rych nie da si\u0119 zapakowa\u0107 w foli\u0119 b\u0105belkow\u0105.<\/p>\n\n\n\n<p>Dlatego dok\u0142adamy wszelkich stara\u0144, by ka\u017cda paczka dotar\u0142a <strong>ca\u0142a, bezpieczna i na czas.<\/strong><\/p>\n\n\n\n<p>\ud83d\ude9b <strong>EuroVan Dania \u2013 bo nie ka\u017cdy Miko\u0142aj nosi czerwon\u0105 czapk\u0119. Niekt\u00f3rzy je\u017cd\u017c\u0105 busem.<\/strong><\/p>\n\n\n\n<p>\ud83d\udc49 Sprawd\u017a terminy \u015bwi\u0105tecznych wyjazd\u00f3w: <a href=\"https:\/\/www.eurovan-dania.com.pl?utm_source=chatgpt.com\">www.eurovan-dania.com.pl<\/a><\/p>\n","protected":false},"excerpt":{"rendered":"<p>\ud83c\udf81 Grudzie\u0144 coraz bli\u017cej \u2013 a Twoja paczka jeszcze nie spakowana? Brzmi znajomo? \ud83d\ude09Ka\u017cdego roku obiecujemy sobie, \u017ce tym razem zrobimy wszystko wcze\u015bniej.\u017be&#8230;<\/p>\n","protected":false},"author":1,"featured_media":0,"comment_status":"open","ping_status":"open","sticky":false,"template":"","format":"standard","meta":{"give_campaign_id":0,"_EventAllDay":false,"_EventTimezone":"","_EventStartDate":"","_EventEndDate":"","_EventStartDateUTC":"","_EventEndDateUTC":"","_EventShowMap":false,"_EventShowMapLink":false,"_EventURL":"","_EventCost":"","_EventCostDescription":"","_EventCurrencySymbol":"","_EventCurrencyCode":"","_EventCurrencyPosition":"","_EventDateTimeSeparator":"","_EventTimeRangeSeparator":"","_EventOrganizerID":[],"_EventVenueID":[],"_OrganizerEmail":"","_OrganizerPhone":"","_OrganizerWebsite":"","_VenueAddress":"","_VenueCity":"","_VenueCountry":"","_VenueProvince":"","_VenueState":"","_VenueZip":"","_VenuePhone":"","_VenueURL":"","_VenueStateProvince":"","_VenueLat":"","_VenueLng":"","_VenueShowMap":false,"_VenueShowMapLink":false,"_kadence_starter_templates_imported_post":false,"_kad_post_transparent":"","_kad_post_title":"","_kad_post_layout":"","_kad_post_sidebar_id":"","_kad_post_content_style":"","_kad_post_vertical_padding":"","_kad_post_feature":"","_kad_post_feature_position":"","_kad_post_header":false,"_kad_post_footer":false,"_joinchat":[],"footnotes":""},"categories":[1],"tags":[],"class_list":["post-1820","post","type-post","status-publish","format-standard","hentry","category-uncategorized"],"_links":{"self":[{"href":"https:\/\/www.eurovan-dania.com.pl\/index.php?rest_route=\/wp\/v2\/posts\/1820","targetHints":{"allow":["GET"]}}],"collection":[{"href":"https:\/\/www.eurovan-dania.com.pl\/index.php?rest_route=\/wp\/v2\/posts"}],"about":[{"href":"https:\/\/www.eurovan-dania.com.pl\/index.php?rest_route=\/wp\/v2\/types\/post"}],"author":[{"embeddable":true,"href":"https:\/\/www.eurovan-dania.com.pl\/index.php?rest_route=\/wp\/v2\/users\/1"}],"replies":[{"embeddable":true,"href":"https:\/\/www.eurovan-dania.com.pl\/index.php?rest_route=%2Fwp%2Fv2%2Fcomments&post=1820"}],"version-history":[{"count":1,"href":"https:\/\/www.eurovan-dania.com.pl\/index.php?rest_route=\/wp\/v2\/posts\/1820\/revisions"}],"predecessor-version":[{"id":1821,"href":"https:\/\/www.eurovan-dania.com.pl\/index.php?rest_route=\/wp\/v2\/posts\/1820\/revisions\/1821"}],"wp:attachment":[{"href":"https:\/\/www.eurovan-dania.com.pl\/index.php?rest_route=%2Fwp%2Fv2%2Fmedia&parent=1820"}],"wp:term":[{"taxonomy":"category","embeddable":true,"href":"https:\/\/www.eurovan-dania.com.pl\/index.php?rest_route=%2Fwp%2Fv2%2Fcategories&post=1820"},{"taxonomy":"post_tag","embeddable":true,"href":"https:\/\/www.eurovan-dania.com.pl\/index.php?rest_route=%2Fwp%2Fv2%2Ftags&post=1820"}],"curies":[{"name":"wp","href":"https:\/\/api.w.org\/{rel}","templated":true}]}}