{"id":1808,"date":"2025-08-03T17:55:33","date_gmt":"2025-08-03T17:55:33","guid":{"rendered":"https:\/\/www.eurovan-dania.com.pl\/?p=1808"},"modified":"2025-08-03T18:20:49","modified_gmt":"2025-08-03T18:20:49","slug":"7-kategorii-produktow-ktorych-nie-przewieziesz-na-trasie-polska-dania-dania-polska","status":"publish","type":"post","link":"https:\/\/www.eurovan-dania.com.pl\/?p=1808","title":{"rendered":"7 kategorii produkt\u00f3w, kt\u00f3rych nie przewieziesz na trasie Polska &#8211; Dania, Dania &#8211; Polska"},"content":{"rendered":"\n<p><strong>Wysy\u0142asz paczk\u0119 z Danii do Polski lub z Polski do Danii? Upewnij si\u0119, \u017ce nie pakujesz rzeczy, kt\u00f3re mog\u0105 zosta\u0107 zatrzymane, uszkodzone lub narazi\u0107 Ci\u0119 na dodatkowe koszty. W tym artykule przedstawiamy 7 kategorii przedmiot\u00f3w, kt\u00f3rych absolutnie NIE wolno umieszcza\u0107 w przesy\u0142kach EuroVanem.<\/strong><\/p>\n\n\n\n<hr class=\"wp-block-separator has-alpha-channel-opacity\"\/>\n\n\n\n<h3 class=\"wp-block-heading\">1. <strong>Substancje niebezpieczne i \u0142atwopalne<\/strong><\/h3>\n\n\n\n<p>To kategoria obejmuje m.in.:<\/p>\n\n\n\n<ul class=\"wp-block-list\">\n<li>aerozole,<\/li>\n\n\n\n<li>rozpuszczalniki,<\/li>\n\n\n\n<li>paliwa,<\/li>\n\n\n\n<li>farby i lakiery,<\/li>\n\n\n\n<li>kleje na bazie rozpuszczalnik\u00f3w,<\/li>\n\n\n\n<li>zapa\u0142ki, zapalniczki z gazem,<\/li>\n\n\n\n<li>baterie litowe luzem.<\/li>\n<\/ul>\n\n\n\n<p><strong>Dlaczego nie wolno?<\/strong> Tego typu materia\u0142y stwarzaj\u0105 powa\u017cne zagro\u017cenie dla bezpiecze\u0144stwa podczas transportu. S\u0105 \u0142atwopalne, mog\u0105 ulec zap\u0142onowi pod wp\u0142ywem wysokiej temperatury lub uszkodze\u0144 mechanicznych, a niekt\u00f3re maj\u0105 tendencj\u0119 do eksplozji. Ponadto mog\u0105 wydziela\u0107 szkodliwe opary, kt\u00f3re stanowi\u0105 zagro\u017cenie zar\u00f3wno dla kierowcy, jak i innych paczek znajduj\u0105cych si\u0119 w poje\u017adzie. Ich przew\u00f3z jest obj\u0119ty surowymi przepisami prawa mi\u0119dzynarodowego (ADR \u2013 umowa europejska dotycz\u0105ca mi\u0119dzynarodowego przewozu drogowego towar\u00f3w niebezpiecznych) i wymagaj\u0105 specjalnych zezwole\u0144 oraz zabezpiecze\u0144, kt\u00f3rych typowy transport paczkowy nie spe\u0142nia. Umieszczenie ich w paczce mo\u017ce skutkowa\u0107 jej natychmiastowym zatrzymaniem, utylizacj\u0105 zawarto\u015bci, a w skrajnych przypadkach \u2014 odpowiedzialno\u015bci\u0105 prawn\u0105 nadawcy.<\/p>\n\n\n\n<hr class=\"wp-block-separator has-alpha-channel-opacity\"\/>\n\n\n\n<h3 class=\"wp-block-heading\">2. <strong>Produkt\u00f3w \u017cywno\u015bciowych, kt\u00f3re s\u0105 \u0142atwo psuj\u0105ce si\u0119 lub wymagaj\u0105 ch\u0142odzenia<\/strong><\/h3>\n\n\n\n<p>Nie wolno przesy\u0142a\u0107:<\/p>\n\n\n\n<ul class=\"wp-block-list\">\n<li>mro\u017conek,<\/li>\n\n\n\n<li>surowego mi\u0119sa,<\/li>\n\n\n\n<li>nabia\u0142u,<\/li>\n\n\n\n<li>\u015bwie\u017cych warzyw i owoc\u00f3w,<\/li>\n\n\n\n<li>gotowych posi\u0142k\u00f3w bez d\u0142ugiego terminu wa\u017cno\u015bci.<\/li>\n<\/ul>\n\n\n\n<p><strong>Dlaczego nie wolno?<\/strong> Transport EuroVanem trwa od kilkunastu do kilkudziesi\u0119ciu godzin, a pojazdy nie s\u0105 wyposa\u017cone w ch\u0142odnie ani specjalistyczne systemy utrzymania niskiej temperatury. Oznacza to, \u017ce produkty wymagaj\u0105ce ch\u0142odzenia mog\u0105 bardzo szybko si\u0119 zepsu\u0107 \u2014 zw\u0142aszcza latem, gdy temperatury w zamkni\u0119tych przestrzeniach s\u0105 znacznie wy\u017csze ni\u017c na zewn\u0105trz. Proces psucia si\u0119 \u017cywno\u015bci niesie za sob\u0105 ryzyko rozlania, ple\u015bni, nieprzyjemnych zapach\u00f3w i ska\u017cenia innych przedmiot\u00f3w w paczce. Mo\u017ce to prowadzi\u0107 do uszkodzenia ca\u0142ego \u0142adunku oraz konieczno\u015bci jego utylizacji. Co wi\u0119cej, w wielu przypadkach zepsute produkty spo\u017cywcze s\u0105 traktowane przez s\u0142u\u017cby graniczne jako potencjalne zagro\u017cenie sanitarno-epidemiologiczne, co mo\u017ce skutkowa\u0107 zatrzymaniem lub nawet zniszczeniem przesy\u0142ki.<\/p>\n\n\n\n<hr class=\"wp-block-separator has-alpha-channel-opacity\"\/>\n\n\n\n<h3 class=\"wp-block-heading\">3. <strong>Alkoholu i papieros\u00f3w<\/strong><\/h3>\n\n\n\n<p>Zabronione jest wysy\u0142anie:<\/p>\n\n\n\n<ul class=\"wp-block-list\">\n<li>alkoholu wszelkiego rodzaju (tak\u017ce prezent\u00f3w),<\/li>\n\n\n\n<li>wyrob\u00f3w tytoniowych,<\/li>\n\n\n\n<li>e-papieros\u00f3w i liquid\u00f3w.<\/li>\n<\/ul>\n\n\n\n<p><strong>Dlaczego nie wolno?<\/strong> Przew\u00f3z alkoholu i papieros\u00f3w przez granic\u0119 Unii Europejskiej podlega szczeg\u00f3\u0142owym przepisom dotycz\u0105cym akcyzy oraz kontroli celnej. Ich nadanie w paczce bez odpowiedniego zg\u0142oszenia i dokumentacji mo\u017ce zosta\u0107 zakwalifikowane jako przemyt, co niesie powa\u017cne konsekwencje prawne \u2014 w\u0142\u0105cznie z konfiskat\u0105 towaru oraz karami finansowymi. Co wi\u0119cej, nawet w przypadku przesy\u0142ek prywatnych, organy celne mog\u0105 za\u017c\u0105da\u0107 dowodu zakupu i przeznaczenia towaru. Produkty alkoholowe s\u0105 traktowane jako towary wysokiego ryzyka z uwagi na ich warto\u015b\u0107 i mo\u017cliwo\u015b\u0107 nadu\u017cy\u0107, dlatego wszelkie pr\u00f3by ich ukrycia w przesy\u0142ce mog\u0105 zako\u0144czy\u0107 si\u0119 problemami z prawem. Dla bezpiecze\u0144stwa Twojej paczki i Twojego spokoju \u2014 alkoholu i papieros\u00f3w po prostu nie wysy\u0142aj.<\/p>\n\n\n\n<hr class=\"wp-block-separator has-alpha-channel-opacity\"\/>\n\n\n\n<h3 class=\"wp-block-heading\">4. <strong>Lek\u00f3w na recept\u0119 i substancji medycznych<\/strong><\/h3>\n\n\n\n<p>Nie umieszczaj w paczce:<\/p>\n\n\n\n<ul class=\"wp-block-list\">\n<li>antybiotyk\u00f3w,<\/li>\n\n\n\n<li>lek\u00f3w psychotropowych,<\/li>\n\n\n\n<li>steryd\u00f3w,<\/li>\n\n\n\n<li>lek\u00f3w wymagaj\u0105cych przechowywania w lod\u00f3wce.<\/li>\n<\/ul>\n\n\n\n<p><strong>Dlaczego nie wolno?<\/strong> Wiele lek\u00f3w obj\u0119tych jest szczeg\u00f3lnymi regulacjami prawnymi zar\u00f3wno w Polsce, jak i w Danii. Ich przew\u00f3z przez granic\u0119 \u2013 nawet w ramach prywatnych przesy\u0142ek \u2013 mo\u017ce wymaga\u0107 posiadania stosownych zezwole\u0144 lub deklaracji celnych. W szczeg\u00f3lno\u015bci dotyczy to lek\u00f3w zawieraj\u0105cych substancje psychotropowe, sterydowe czy silnie dzia\u0142aj\u0105ce antybiotyki. Co wi\u0119cej, niekt\u00f3re leki mog\u0105 by\u0107 zakazane w danym kraju, mimo \u017ce s\u0105 legalne w kraju nadania. Dodatkowo, wiele z nich wymaga odpowiednich warunk\u00f3w przechowywania (np. ch\u0142odzenia), kt\u00f3rych nie da si\u0119 zapewni\u0107 w standardowym transporcie. Ich niew\u0142a\u015bciwe przechowywanie nie tylko mo\u017ce skutkowa\u0107 utrat\u0105 w\u0142a\u015bciwo\u015bci leczniczych, ale r\u00f3wnie\u017c stanowi\u0107 zagro\u017cenie zdrowotne. W zwi\u0105zku z tym wszelkie \u015brodki farmaceutyczne najlepiej transportowa\u0107 osobi\u015bcie, z odpowiedni\u0105 dokumentacj\u0105 medyczn\u0105, je\u015bli jest to absolutnie konieczne.<\/p>\n\n\n\n<h3 class=\"wp-block-heading\">5. <strong>Przedmiot\u00f3w o wysokiej warto\u015bci finansowej lub sentymentalnej<\/strong><\/h3>\n\n\n\n<p>Nie zaleca si\u0119 wysy\u0142ania:<\/p>\n\n\n\n<ul class=\"wp-block-list\">\n<li>got\u00f3wki,<\/li>\n\n\n\n<li>bi\u017cuterii i zegark\u00f3w,<\/li>\n\n\n\n<li>warto\u015bciowych dzie\u0142 sztuki,<\/li>\n\n\n\n<li>cennych pami\u0105tek rodzinnych,<\/li>\n\n\n\n<li>sprz\u0119tu elektronicznego o wysokiej warto\u015bci (np. najnowsze laptopy, smartfony, aparaty fotograficzne).<\/li>\n<\/ul>\n\n\n\n<p><strong>Dlaczego nie wolno?<\/strong> Cho\u0107 EuroVan dok\u0142ada wszelkich stara\u0144, aby transport by\u0142 bezpieczny, ka\u017cda przesy\u0142ka wi\u0105\u017ce si\u0119 z ryzykiem uszkodzenia, zagubienia lub kradzie\u017cy. Przedmioty o du\u017cej warto\u015bci \u2014 zar\u00f3wno finansowej, jak i emocjonalnej \u2014 powinny by\u0107 transportowane osobi\u015bcie, je\u015bli to mo\u017cliwe. W przypadku ich utraty lub uszkodzenia, rekompensata ubezpieczeniowa mo\u017ce nie pokry\u0107 pe\u0142nej warto\u015bci rzeczywistej lub emocjonalnej danego przedmiotu. Co wi\u0119cej, nie wszystkie cenne przedmioty mo\u017cna obj\u0105\u0107 standardowym ubezpieczeniem paczek. Aby unikn\u0105\u0107 rozczarowania, stresu i potencjalnych strat \u2014 rzeczy najcenniejsze trzymaj zawsze przy sobie.<\/p>\n\n\n\n<h3 class=\"wp-block-heading\">6. <strong>8. \u017bywych zwierz\u0105t<\/strong><\/h3>\n\n\n\n<p><strong><span style=\"background-color: rgba(31, 41, 51, 0.2);\"><\/span>Nie wolno przesy\u0142a\u0107:<\/strong><\/p>\n\n\n\n<p><strong><span style=\"background-color: rgba(31, 41, 51, 0.2);\"><\/span>ps\u00f3w, kot\u00f3w, kr\u00f3lik\u00f3w ani innych zwierz\u0105t domowych,<\/strong><\/p>\n\n\n\n<p><strong><span style=\"background-color: rgba(31, 41, 51, 0.2);\"><\/span>gryzoni, ptak\u00f3w czy gad\u00f3w,<span style=\"background-color: rgba(31, 41, 51, 0.2);\"><\/span>owad\u00f3w (tak\u017ce hodowlanych, np. pszcz\u00f3\u0142, mr\u00f3wek),<\/strong><\/p>\n\n\n\n<p><strong><span style=\"background-color: rgba(31, 41, 51, 0.2);\"><\/span>ryb akwariowych,<\/strong><\/p>\n\n\n\n<p><strong><span style=\"background-color: rgba(31, 41, 51, 0.2);\"><\/span>jaj inkubowanych ani larw.<\/strong><\/p>\n\n\n\n<p><strong><span style=\"background-color: rgba(31, 41, 51, 0.2);\"><\/span><span style=\"background-color: rgba(31, 41, 51, 0.2);\"><\/span>Dlaczego nie wolno?Transport \u017cywych zwierz\u0105t wi\u0105\u017ce si\u0119 z ogromn\u0105 odpowiedzialno\u015bci\u0105 i wymaga spe\u0142nienia szeregu norm prawnych i sanitarnych \u2013 zar\u00f3wno w Polsce, jak i w Danii. Przew\u00f3z zwierz\u0105t w zwyk\u0142ym busie, bez odpowiednich warunk\u00f3w (np. odpowiedniej wentylacji, temperatury, poide\u0142, opieki weterynaryjnej) jest niehumanitarny i niezgodny z przepisami dotycz\u0105cymi dobrostanu zwierz\u0105t. Co wi\u0119cej, przesy\u0142anie \u017cywych stworze\u0144 w zamkni\u0119tej paczce jest nie tylko nielegalne, ale r\u00f3wnie\u017c nara\u017ca je na stres, cierpienie, a nawet \u015bmier\u0107. <\/strong><\/p>\n\n\n\n<p><strong>EuroVan nie przewozi zwierz\u0105t pod \u017cadn\u0105 postaci\u0105 \u2013 r\u00f3wnie\u017c z troski o ich bezpiecze\u0144stwo i \u017cycie. Je\u015bli planujesz przeprowadzk\u0119 z pupilem, zorganizuj transport specjalistyczny lub podr\u00f3\u017cuj z nim osobi\u015bcie.<\/strong><\/p>\n\n\n\n<p>Nie powinno si\u0119 wysy\u0142a\u0107:<\/p>\n\n\n\n<ul class=\"wp-block-list\">\n<li>obraz\u00f3w, rze\u017ab i grafik,<\/li>\n\n\n\n<li>antyk\u00f3w i zabytk\u00f3w,<\/li>\n\n\n\n<li>numizmat\u00f3w, znaczk\u00f3w pocztowych,<\/li>\n\n\n\n<li>figurek i modeli o wysokiej warto\u015bci kolekcjonerskiej.<\/li>\n<\/ul>\n\n\n\n<p><strong>Dlaczego nie wolno?<\/strong> Przew\u00f3z dzie\u0142 sztuki i przedmiot\u00f3w o warto\u015bci kolekcjonerskiej wymaga zazwyczaj specjalistycznego przygotowania, odpowiedniego zabezpieczenia i cz\u0119sto \u2013 dodatkowych zezwole\u0144 celnych. W przypadku transportu mi\u0119dzynarodowego konieczne mog\u0105 by\u0107 r\u00f3wnie\u017c dokumenty potwierdzaj\u0105ce legalne pochodzenie przedmiotu. Co wi\u0119cej, przedmioty tego typu s\u0105 wyj\u0105tkowo podatne na uszkodzenia mechaniczne \u2013 nawet niewielkie wstrz\u0105sy mog\u0105 spowodowa\u0107 trwa\u0142e uszczerbki, obni\u017caj\u0105c ich warto\u015b\u0107 rynkow\u0105. Z racji unikalno\u015bci i wysokiej warto\u015bci, ryzyko ich utraty lub zniszczenia jest nieproporcjonalnie du\u017ce w stosunku do standardowych przesy\u0142ek. Dla bezpiecze\u0144stwa i spokoju ducha lepiej zdecydowa\u0107 si\u0119<\/p>\n\n\n\n<h3 class=\"wp-block-heading\">7. <strong>Ro\u015blin i materia\u0142u biologicznego<\/strong><\/h3>\n\n\n\n<p>Nie nale\u017cy przesy\u0142a\u0107:<\/p>\n\n\n\n<ul class=\"wp-block-list\">\n<li>\u017cywych ro\u015blin (w donicach lub ci\u0119tych),<\/li>\n\n\n\n<li>nasion, sadzonek i bulw,<\/li>\n\n\n\n<li>ziemi i kompostu,<\/li>\n\n\n\n<li>produkt\u00f3w pochodzenia ro\u015blinnego niewiadomego pochodzenia,<\/li>\n\n\n\n<li>materia\u0142u biologicznego (np. tkanek, pr\u00f3bek DNA, sier\u015bci zwierz\u0105t).<\/li>\n<\/ul>\n\n\n\n<p><strong>Dlaczego nie wolno?<\/strong><br>Ro\u015bliny oraz produkty biologiczne podlegaj\u0105 \u015bcis\u0142ym regulacjom fitosanitarnym zar\u00f3wno w Polsce, jak i w Danii. Przew\u00f3z \u017cywego materia\u0142u ro\u015blinnego przez granic\u0119 Unii Europejskiej, nawet w ramach prywatnej przesy\u0142ki, mo\u017ce by\u0107 \u017ar\u00f3d\u0142em zagro\u017cenia dla lokalnego ekosystemu \u2014 np. poprzez przenoszenie szkodnik\u00f3w, chor\u00f3b ro\u015blin czy gatunk\u00f3w inwazyjnych. Wiele pa\u0144stw wymaga za\u0142\u0105czonych certyfikat\u00f3w zdrowotnych lub zezwole\u0144 fitosanitarnych, bez kt\u00f3rych paczka mo\u017ce zosta\u0107 zatrzymana, zniszczona lub obj\u0119ta dodatkowymi kosztami celnymi.<\/p>\n\n\n\n<p>Dodatkowo, transport ro\u015blin w warunkach niekontrolowanych (bez odpowiedniego o\u015bwietlenia, temperatury, wilgotno\u015bci) najcz\u0119\u015bciej ko\u0144czy si\u0119 ich uszkodzeniem lub ca\u0142kowitym obumarciem. Takie przesy\u0142ki nie tylko nie dotr\u0105 w stanie u\u017cytecznym, ale mog\u0105 tak\u017ce zagrozi\u0107 innym przedmiotom \u2014 np. przez zalanie doniczkami, rozw\u00f3j ple\u015bni czy nieprzyjemne zapachy.<br>Je\u015bli chcesz przewie\u017a\u0107 ro\u015bliny lub materia\u0142 biologiczny \u2014 skonsultuj si\u0119 z wyspecjalizowan\u0105 firm\u0105, kt\u00f3ra zna lokalne przepisy i posiada odpowiednie zezwolenia. EuroVan nie \u015bwiadczy takich us\u0142ug w standardowym transporcie door-to-door.<\/p>\n","protected":false},"excerpt":{"rendered":"<p>Wysy\u0142asz paczk\u0119 z Danii do Polski lub z Polski do Danii? Upewnij si\u0119, \u017ce nie pakujesz rzeczy, kt\u00f3re mog\u0105 zosta\u0107 zatrzymane, uszkodzone lub&#8230;<\/p>\n","protected":false},"author":1,"featured_media":1809,"comment_status":"open","ping_status":"open","sticky":false,"template":"","format":"standard","meta":{"give_campaign_id":0,"_EventAllDay":false,"_EventTimezone":"","_EventStartDate":"","_EventEndDate":"","_EventStartDateUTC":"","_EventEndDateUTC":"","_EventShowMap":false,"_EventShowMapLink":false,"_EventURL":"","_EventCost":"","_EventCostDescription":"","_EventCurrencySymbol":"","_EventCurrencyCode":"","_EventCurrencyPosition":"","_EventDateTimeSeparator":"","_EventTimeRangeSeparator":"","_EventOrganizerID":[],"_EventVenueID":[],"_OrganizerEmail":"","_OrganizerPhone":"","_OrganizerWebsite":"","_VenueAddress":"","_VenueCity":"","_VenueCountry":"","_VenueProvince":"","_VenueState":"","_VenueZip":"","_VenuePhone":"","_VenueURL":"","_VenueStateProvince":"","_VenueLat":"","_VenueLng":"","_VenueShowMap":false,"_VenueShowMapLink":false,"_kadence_starter_templates_imported_post":false,"_kad_post_transparent":"","_kad_post_title":"","_kad_post_layout":"","_kad_post_sidebar_id":"","_kad_post_content_style":"","_kad_post_vertical_padding":"","_kad_post_feature":"","_kad_post_feature_position":"","_kad_post_header":false,"_kad_post_footer":false,"_joinchat":[],"footnotes":""},"categories":[1],"tags":[],"class_list":["post-1808","post","type-post","status-publish","format-standard","has-post-thumbnail","hentry","category-uncategorized"],"_links":{"self":[{"href":"https:\/\/www.eurovan-dania.com.pl\/index.php?rest_route=\/wp\/v2\/posts\/1808","targetHints":{"allow":["GET"]}}],"collection":[{"href":"https:\/\/www.eurovan-dania.com.pl\/index.php?rest_route=\/wp\/v2\/posts"}],"about":[{"href":"https:\/\/www.eurovan-dania.com.pl\/index.php?rest_route=\/wp\/v2\/types\/post"}],"author":[{"embeddable":true,"href":"https:\/\/www.eurovan-dania.com.pl\/index.php?rest_route=\/wp\/v2\/users\/1"}],"replies":[{"embeddable":true,"href":"https:\/\/www.eurovan-dania.com.pl\/index.php?rest_route=%2Fwp%2Fv2%2Fcomments&post=1808"}],"version-history":[{"count":3,"href":"https:\/\/www.eurovan-dania.com.pl\/index.php?rest_route=\/wp\/v2\/posts\/1808\/revisions"}],"predecessor-version":[{"id":1812,"href":"https:\/\/www.eurovan-dania.com.pl\/index.php?rest_route=\/wp\/v2\/posts\/1808\/revisions\/1812"}],"wp:featuredmedia":[{"embeddable":true,"href":"https:\/\/www.eurovan-dania.com.pl\/index.php?rest_route=\/wp\/v2\/media\/1809"}],"wp:attachment":[{"href":"https:\/\/www.eurovan-dania.com.pl\/index.php?rest_route=%2Fwp%2Fv2%2Fmedia&parent=1808"}],"wp:term":[{"taxonomy":"category","embeddable":true,"href":"https:\/\/www.eurovan-dania.com.pl\/index.php?rest_route=%2Fwp%2Fv2%2Fcategories&post=1808"},{"taxonomy":"post_tag","embeddable":true,"href":"https:\/\/www.eurovan-dania.com.pl\/index.php?rest_route=%2Fwp%2Fv2%2Ftags&post=1808"}],"curies":[{"name":"wp","href":"https:\/\/api.w.org\/{rel}","templated":true}]}}