{"id":1764,"date":"2025-06-26T09:33:13","date_gmt":"2025-06-26T09:33:13","guid":{"rendered":"https:\/\/www.eurovan-dania.com.pl\/?p=1764"},"modified":"2025-06-26T09:33:13","modified_gmt":"2025-06-26T09:33:13","slug":"%e2%9d%84%ef%b8%8f-jak-przygotowac-lodowke-do-transportu-poradnik-bezpiecznej-wysylki-krok-po-kroku","status":"publish","type":"post","link":"https:\/\/www.eurovan-dania.com.pl\/?p=1764","title":{"rendered":"\u2744\ufe0f Jak przygotowa\u0107 lod\u00f3wk\u0119 do transportu? Poradnik bezpiecznej wysy\u0142ki krok po kroku"},"content":{"rendered":"\n<h3 class=\"wp-block-heading\">Transport du\u017cych sprz\u0119t\u00f3w AGD, takich jak lod\u00f3wki, wymaga szczeg\u00f3lnego przygotowania. W przeciwie\u0144stwie do paczki z ubraniami czy ksi\u0105\u017ckami, <strong>niew\u0142a\u015bciwie zabezpieczona lod\u00f3wka mo\u017ce ulec uszkodzeniu w transporcie<\/strong> \u2013 nie tylko z zewn\u0105trz, ale tak\u017ce wewn\u0105trz, gdzie znajduj\u0105 si\u0119 elementy ch\u0142odnicze i spr\u0119\u017carka.<\/h3>\n\n\n\n<p>Je\u015bli planujesz <strong>wys\u0142a\u0107 lod\u00f3wk\u0119 z Polski do Danii<\/strong> (lub odwrotnie), przeczytaj ten poradnik \u2013 to oszcz\u0119dzi Ci nerw\u00f3w, pieni\u0119dzy i potencjalnej reklamacji.<\/p>\n\n\n\n<hr class=\"wp-block-separator has-alpha-channel-opacity\"\/>\n\n\n\n<h2 class=\"wp-block-heading\">\ud83d\udce6 KROK 1: OPR\u00d3\u017bNIJ LOD\u00d3WK\u0118<\/h2>\n\n\n\n<p>Brzmi oczywi\u015bcie, ale to kluczowe.<\/p>\n\n\n\n<p>\u2705 Usu\u0144 ca\u0142\u0105 zawarto\u015b\u0107 \u2013 nawet wod\u0119 w pojemnikach na l\u00f3d czy napoje.<br>\u2705 Zdejmij lub zabezpiecz p\u00f3\u0142ki, szuflady i przegrody \u2013 je\u015bli mo\u017cna, wyjmij je i zapakuj oddzielnie w foli\u0119 b\u0105belkow\u0105.<br>\u2705 Od\u0142\u0105cz lod\u00f3wk\u0119 od pr\u0105du na <strong>minimum 12\u201324 godziny przed transportem<\/strong> \u2013 uk\u0142ad ch\u0142odniczy musi si\u0119 ustabilizowa\u0107.<\/p>\n\n\n\n<hr class=\"wp-block-separator has-alpha-channel-opacity\"\/>\n\n\n\n<h2 class=\"wp-block-heading\">\ud83d\udca7 KROK 2: ROZMRO\u0179 I WYSUSZ<\/h2>\n\n\n\n<p>Ka\u017cda lod\u00f3wka, nawet \u201eno frost\u201d, mo\u017ce zawiera\u0107 l\u00f3d lub wilgo\u0107.<br>Przed transportem:<\/p>\n\n\n\n<ul class=\"wp-block-list\">\n<li>rozmro\u017a zamra\u017cark\u0119,<\/li>\n\n\n\n<li>osusz wn\u0119trze,<\/li>\n\n\n\n<li>zostaw drzwiczki otwarte na kilka godzin (lub zabezpiecz ch\u0142onnym r\u0119cznikiem papierowym).<\/li>\n<\/ul>\n\n\n\n<p>\ud83d\udca1 <em>Wilgo\u0107 w zamkni\u0119tej lod\u00f3wce mo\u017ce prowadzi\u0107 do rozwoju ple\u015bni lub uszkodzenia elektroniki podczas podr\u00f3\u017cy!<\/em><\/p>\n\n\n\n<hr class=\"wp-block-separator has-alpha-channel-opacity\"\/>\n\n\n\n<h2 class=\"wp-block-heading\">\ud83e\uddf7 KROK 3: ZABEZPIECZ ELEMENTY WEWN\u0118TRZNE I DRZWICZKI<\/h2>\n\n\n\n<p>\ud83d\udd12 Je\u015bli zostawiasz p\u00f3\u0142ki w \u015brodku \u2013 zabezpiecz je ta\u015bm\u0105 lub klinami piankowymi.<br>\ud83d\udd10 Drzwiczki owi\u0144 ta\u015bm\u0105 transportow\u0105, link\u0105 lub paskiem z rzepem, aby nie otwiera\u0142y si\u0119 w trakcie przewozu.<br>\ud83d\udce6 Ca\u0142\u0105 lod\u00f3wk\u0119 owi\u0144 kilkoma warstwami folii stretch i folii b\u0105belkowej \u2013 szczeg\u00f3lnie na rogach i bokach.<\/p>\n\n\n\n<hr class=\"wp-block-separator has-alpha-channel-opacity\"\/>\n\n\n\n<h2 class=\"wp-block-heading\">\ud83e\uddca KROK 4: ZABEZPIECZ SPR\u0118\u017bARK\u0118<\/h2>\n\n\n\n<p>Spr\u0119\u017carka i uk\u0142ad ch\u0142odniczy s\u0105 najwra\u017cliwszymi cz\u0119\u015bciami lod\u00f3wki.<\/p>\n\n\n\n<p>\u2757 Nigdy nie k\u0142ad\u017a lod\u00f3wki na p\u0142asko! Transportujemy j\u0105 <strong>w pozycji pionowej lub lekko pochylonej<\/strong>.<br>Je\u015bli by\u0142a przechowywana poziomo (np. w piwnicy) \u2013 po ustawieniu pionowo powinna posta\u0107 12\u201324 godziny <strong>przed ponownym pod\u0142\u0105czeniem do pr\u0105du<\/strong>.<\/p>\n\n\n\n<p>\ud83d\udccc <em>Nieodczekanie tego czasu mo\u017ce doprowadzi\u0107 do awarii uk\u0142adu ch\u0142odniczego.<\/em><\/p>\n\n\n\n<hr class=\"wp-block-separator has-alpha-channel-opacity\"\/>\n\n\n\n<h2 class=\"wp-block-heading\">\ud83d\ude9b KROK 5: PAKOWANIE DO TRANSPORTU<\/h2>\n\n\n\n<p>Je\u015bli posiadasz <strong>oryginalny karton lub styropianowe os\u0142ony<\/strong>, u\u017cyj ich.<br>Je\u015bli nie \u2013 zalecamy:<\/p>\n\n\n\n<ul class=\"wp-block-list\">\n<li>rogi zabezpieczy\u0107 naro\u017cnikami z pianki lub styropianu,<\/li>\n\n\n\n<li>ca\u0142o\u015b\u0107 owin\u0105\u0107 foli\u0105 stretch i ta\u015bm\u0105 pakow\u0105,<\/li>\n\n\n\n<li>w razie mo\u017cliwo\u015bci umie\u015bci\u0107 lod\u00f3wk\u0119 na palecie lub solidnej podstawie z p\u0142askiego kartonu.<\/li>\n<\/ul>\n\n\n\n<hr class=\"wp-block-separator has-alpha-channel-opacity\"\/>\n\n\n\n<h2 class=\"wp-block-heading\">\ud83d\udccf KROK 6: SPRAWD\u0179 WYMIARY I ZG\u0141O\u015a TRANSPORT<\/h2>\n\n\n\n<p>W EuroVan Dania oferujemy transport lod\u00f3wek z i do Danii ju\u017c <strong>od 800 DKK \/ 480 PLN<\/strong> (cena zale\u017cy od wymiar\u00f3w i typu sprz\u0119tu).<\/p>\n\n\n\n<p>\ud83d\udc49 Przed zg\u0142oszeniem podaj:<\/p>\n\n\n\n<ul class=\"wp-block-list\">\n<li><strong>wysoko\u015b\u0107 x szeroko\u015b\u0107 x g\u0142\u0119boko\u015b\u0107<\/strong>,<\/li>\n\n\n\n<li><strong>typ lod\u00f3wki<\/strong> (jednodrzwiowa, side by side, z zamra\u017cark\u0105),<\/li>\n\n\n\n<li>czy b\u0119dzie <strong>wnoszona przez nasz zesp\u00f3\u0142<\/strong>, czy dostarczona do auta.<\/li>\n<\/ul>\n\n\n\n<p>\ud83d\udcde Skontaktuj si\u0119 z nami: <a>kontakt@eurovan-dania.com.pl<\/a><\/p>\n\n\n\n<hr class=\"wp-block-separator has-alpha-channel-opacity\"\/>\n\n\n\n<h2 class=\"wp-block-heading\">\u2757 Najcz\u0119stsze b\u0142\u0119dy, kt\u00f3rych warto unika\u0107:<\/h2>\n\n\n\n<p>\ud83d\udeab Transport lod\u00f3wki w poziomie<br>\ud83d\udeab Brak zabezpieczenia drzwi \u2013 ryzyko uszkodze\u0144<br>\ud83d\udeab Wysy\u0142ka bez rozmro\u017cenia \u2013 gro\u017aba przecieku i zniszczenia innych paczek<br>\ud83d\udeab Zbyt cienka warstwa folii ochronnej \u2013 nara\u017cenie na zarysowania lub wgniecenia<\/p>\n\n\n\n<hr class=\"wp-block-separator has-alpha-channel-opacity\"\/>\n\n\n\n<h2 class=\"wp-block-heading\">\u2705 Podsumowanie: co musisz przygotowa\u0107?<\/h2>\n\n\n\n<figure class=\"wp-block-table\"><table class=\"has-fixed-layout\"><thead><tr><th>Czynno\u015b\u0107<\/th><th>Dlaczego to wa\u017cne?<\/th><\/tr><\/thead><tbody><tr><td>Opr\u00f3\u017cnij i rozmro\u017a lod\u00f3wk\u0119<\/td><td>Unikniesz wilgoci i zapach\u00f3w<\/td><\/tr><tr><td>Od\u0142\u0105cz min. 12h przed transportem<\/td><td>Chronisz spr\u0119\u017cark\u0119<\/td><\/tr><tr><td>Zabezpiecz p\u00f3\u0142ki i drzwi<\/td><td>Ochrona wn\u0119trza i przed otwarciem<\/td><\/tr><tr><td>Zapakuj w foli\u0119 + naro\u017cniki<\/td><td>Minimalizujesz ryzyko uszkodze\u0144<\/td><\/tr><tr><td>Transportuj pionowo<\/td><td>Bezpiecze\u0144stwo uk\u0142adu ch\u0142odniczego<\/td><\/tr><\/tbody><\/table><\/figure>\n\n\n\n<hr class=\"wp-block-separator has-alpha-channel-opacity\"\/>\n\n\n\n<h2 class=\"wp-block-heading\">\ud83d\udd34 Potrzebujesz pomocy? Zg\u0142o\u015b lod\u00f3wk\u0119 do transportu<\/h2>\n\n\n\n<p>EuroVan Dania to do\u015bwiadczony partner w transporcie mi\u0119dzynarodowym:<br>\ud83d\udccd Polska \u2194 Dania<br>\ud83d\udeaa door-to-door<br>\ud83d\udee0 sprz\u0119t AGD, RTV, meble, przeprowadzki<\/p>\n\n\n\n<p>\ud83d\udcde +48 602 454 656 | +45 71 56 50 80<br>\ud83d\udce7 <a>kontakt@eurovan-dania.com.pl<\/a><br>\ud83c\udf10 <a class=\"\" href=\"https:\/\/www.eurovan-dania.com.pl\">www.eurovan-dania.com.pl<\/a><\/p>\n","protected":false},"excerpt":{"rendered":"<p>Transport du\u017cych sprz\u0119t\u00f3w AGD, takich jak lod\u00f3wki, wymaga szczeg\u00f3lnego przygotowania. W przeciwie\u0144stwie do paczki z ubraniami czy ksi\u0105\u017ckami, niew\u0142a\u015bciwie zabezpieczona lod\u00f3wka mo\u017ce ulec&#8230;<\/p>\n","protected":false},"author":1,"featured_media":0,"comment_status":"open","ping_status":"open","sticky":false,"template":"","format":"standard","meta":{"give_campaign_id":0,"_EventAllDay":false,"_EventTimezone":"","_EventStartDate":"","_EventEndDate":"","_EventStartDateUTC":"","_EventEndDateUTC":"","_EventShowMap":false,"_EventShowMapLink":false,"_EventURL":"","_EventCost":"","_EventCostDescription":"","_EventCurrencySymbol":"","_EventCurrencyCode":"","_EventCurrencyPosition":"","_EventDateTimeSeparator":"","_EventTimeRangeSeparator":"","_EventOrganizerID":[],"_EventVenueID":[],"_OrganizerEmail":"","_OrganizerPhone":"","_OrganizerWebsite":"","_VenueAddress":"","_VenueCity":"","_VenueCountry":"","_VenueProvince":"","_VenueState":"","_VenueZip":"","_VenuePhone":"","_VenueURL":"","_VenueStateProvince":"","_VenueLat":"","_VenueLng":"","_VenueShowMap":false,"_VenueShowMapLink":false,"_kadence_starter_templates_imported_post":false,"_kad_post_transparent":"","_kad_post_title":"","_kad_post_layout":"","_kad_post_sidebar_id":"","_kad_post_content_style":"","_kad_post_vertical_padding":"","_kad_post_feature":"","_kad_post_feature_position":"","_kad_post_header":false,"_kad_post_footer":false,"_joinchat":[],"footnotes":""},"categories":[11,12],"tags":[],"class_list":["post-1764","post","type-post","status-publish","format-standard","hentry","category-blog","category-pakowanie-paczek"],"_links":{"self":[{"href":"https:\/\/www.eurovan-dania.com.pl\/index.php?rest_route=\/wp\/v2\/posts\/1764","targetHints":{"allow":["GET"]}}],"collection":[{"href":"https:\/\/www.eurovan-dania.com.pl\/index.php?rest_route=\/wp\/v2\/posts"}],"about":[{"href":"https:\/\/www.eurovan-dania.com.pl\/index.php?rest_route=\/wp\/v2\/types\/post"}],"author":[{"embeddable":true,"href":"https:\/\/www.eurovan-dania.com.pl\/index.php?rest_route=\/wp\/v2\/users\/1"}],"replies":[{"embeddable":true,"href":"https:\/\/www.eurovan-dania.com.pl\/index.php?rest_route=%2Fwp%2Fv2%2Fcomments&post=1764"}],"version-history":[{"count":1,"href":"https:\/\/www.eurovan-dania.com.pl\/index.php?rest_route=\/wp\/v2\/posts\/1764\/revisions"}],"predecessor-version":[{"id":1765,"href":"https:\/\/www.eurovan-dania.com.pl\/index.php?rest_route=\/wp\/v2\/posts\/1764\/revisions\/1765"}],"wp:attachment":[{"href":"https:\/\/www.eurovan-dania.com.pl\/index.php?rest_route=%2Fwp%2Fv2%2Fmedia&parent=1764"}],"wp:term":[{"taxonomy":"category","embeddable":true,"href":"https:\/\/www.eurovan-dania.com.pl\/index.php?rest_route=%2Fwp%2Fv2%2Fcategories&post=1764"},{"taxonomy":"post_tag","embeddable":true,"href":"https:\/\/www.eurovan-dania.com.pl\/index.php?rest_route=%2Fwp%2Fv2%2Ftags&post=1764"}],"curies":[{"name":"wp","href":"https:\/\/api.w.org\/{rel}","templated":true}]}}