{"id":1761,"date":"2025-06-26T09:30:27","date_gmt":"2025-06-26T09:30:27","guid":{"rendered":"https:\/\/www.eurovan-dania.com.pl\/?p=1761"},"modified":"2025-06-26T09:32:37","modified_gmt":"2025-06-26T09:32:37","slug":"%f0%9f%93%a6-jak-bezpiecznie-zapakowac-przesylke-do-danii-kompletny-poradnik-krok-po-kroku","status":"publish","type":"post","link":"https:\/\/www.eurovan-dania.com.pl\/?p=1761","title":{"rendered":"\ud83d\udce6 Jak bezpiecznie zapakowa\u0107 przesy\u0142k\u0119 do Danii? Kompletny poradnik krok po kroku"},"content":{"rendered":"\n<h3 class=\"wp-block-heading\">Bezpieczne pakowanie paczek to podstawa ka\u017cdej udanej wysy\u0142ki \u2013 zw\u0142aszcza, gdy m\u00f3wimy o <strong>transporcie mi\u0119dzynarodowym Polska\u2013Dania<\/strong>. Odpowiednie przygotowanie przesy\u0142ki nie tylko chroni jej zawarto\u015b\u0107, ale te\u017c pozwala unikn\u0105\u0107 dodatkowych op\u0142at czy op\u00f3\u017anie\u0144.<\/h3>\n\n\n\n<p>W tym poradniku dowiesz si\u0119, jak zapakowa\u0107 swoj\u0105 paczk\u0119 <strong>profesjonalnie i zgodnie z wymaganiami EuroVan Dania<\/strong>.<\/p>\n\n\n\n<hr class=\"wp-block-separator has-alpha-channel-opacity\"\/>\n\n\n\n<h2 class=\"wp-block-heading\">\ud83d\udee0 Krok 1: Dobierz odpowiednie opakowanie<\/h2>\n\n\n\n<p>Najlepiej sprawdzi si\u0119 <strong>solidny karton 3- lub 5-warstwowy<\/strong>. Powinien by\u0107:<\/p>\n\n\n\n<ul class=\"wp-block-list\">\n<li>dopasowany do rozmiaru zawarto\u015bci \u2013 nie za du\u017cy, by zawarto\u015b\u0107 si\u0119 nie przesuwa\u0142a,<\/li>\n\n\n\n<li>w dobrym stanie \u2013 bez przetar\u0107, dziur czy \u015blad\u00f3w wcze\u015bniejszego u\u017cycia,<\/li>\n\n\n\n<li>zamykany na zak\u0142adk\u0119 (nie otwierany od g\u00f3ry jak pude\u0142ko na buty).<\/li>\n<\/ul>\n\n\n\n<p>\ud83d\udca1 <em>Uwaga!<\/em> Nieregularne kszta\u0142ty (np. torby podr\u00f3\u017cne, walizki bez kartonu, folia stretch) mog\u0105 wymaga\u0107 <strong>indywidualnej wyceny<\/strong>.<\/p>\n\n\n\n<hr class=\"wp-block-separator has-alpha-channel-opacity\"\/>\n\n\n\n<h2 class=\"wp-block-heading\">\ud83d\udd12 Krok 2: Zabezpiecz zawarto\u015b\u0107 wewn\u0105trz<\/h2>\n\n\n\n<p>Ka\u017cdy element wewn\u0105trz paczki powinien by\u0107:<\/p>\n\n\n\n<ul class=\"wp-block-list\">\n<li><strong>owini\u0119ty oddzielnie<\/strong> foli\u0105 b\u0105belkow\u0105, papierem pakowym lub stretch,<\/li>\n\n\n\n<li><strong>unieruchomiony<\/strong> \u2013 u\u017cyj wype\u0142niaczy (np. gazety, papier kraft, poduszki powietrzne), aby nic si\u0119 nie przesuwa\u0142o,<\/li>\n\n\n\n<li><strong>chroniony na rogach i kraw\u0119dziach<\/strong> \u2013 szczeg\u00f3lnie je\u015bli wysy\u0142asz elektronik\u0119 lub szk\u0142o.<\/li>\n<\/ul>\n\n\n\n<p>Je\u015bli wysy\u0142asz kilka przedmiot\u00f3w, <strong>nie uk\u0142adaj ich warstwowo bez przek\u0142adek<\/strong>. Lepiej podziel wn\u0119trze kartonu na sekcje.<\/p>\n\n\n\n<hr class=\"wp-block-separator has-alpha-channel-opacity\"\/>\n\n\n\n<h2 class=\"wp-block-heading\">\ud83e\uddf5 Krok 3: Prawid\u0142owo zamknij paczk\u0119<\/h2>\n\n\n\n<p>Zamkni\u0119cie powinno by\u0107:<\/p>\n\n\n\n<ul class=\"wp-block-list\">\n<li>wykonane <strong>mocn\u0105 ta\u015bm\u0105 pakow\u0105<\/strong> (najlepiej minimum 5 cm szeroko\u015bci),<\/li>\n\n\n\n<li>zabezpieczone <strong>w liter\u0119 H<\/strong> (czyli ta\u015bma wzd\u0142u\u017c klapy i dwie ta\u015bmy poprzeczne),<\/li>\n\n\n\n<li>bez u\u017cycia sznurka, folii spo\u017cywczej czy ta\u015bmy dekoracyjnej \u2013 te mog\u0105 uszkodzi\u0107 przesy\u0142k\u0119 w transporcie.<\/li>\n<\/ul>\n\n\n\n<hr class=\"wp-block-separator has-alpha-channel-opacity\"\/>\n\n\n\n<h2 class=\"wp-block-heading\">\ud83c\udff7 Krok 4: Oznacz paczk\u0119<\/h2>\n\n\n\n<p>Na g\u00f3rze paczki umie\u015b\u0107:<\/p>\n\n\n\n<ul class=\"wp-block-list\">\n<li><strong>czytelny adres odbiorcy i nadawcy<\/strong>, najlepiej w folii samoprzylepnej lub woreczku typu \u201ekangurek\u201d,<\/li>\n\n\n\n<li>numer telefonu kontaktowego,<\/li>\n\n\n\n<li>je\u015bli to potrzebne \u2013 oznaczenie \u201eUWAGA SZK\u0141O\u201d lub \u201eG\u00d3RA\/D\u00d3\u0141\u201d (nie gwarantuje delikatnego traktowania, ale mo\u017ce pom\u00f3c przy za\u0142adunku).<\/li>\n<\/ul>\n\n\n\n<p>\u2757 Nie umieszczaj danych na samej ta\u015bmie \u2013 mo\u017ce si\u0119 odklei\u0107 lub zniszczy\u0107.<\/p>\n\n\n\n<hr class=\"wp-block-separator has-alpha-channel-opacity\"\/>\n\n\n\n<h2 class=\"wp-block-heading\">\ud83e\uddf3 Co z nietypowymi przesy\u0142kami?<\/h2>\n\n\n\n<p>W przypadku takich przedmiot\u00f3w jak:<\/p>\n\n\n\n<ul class=\"wp-block-list\">\n<li>rowery,<\/li>\n\n\n\n<li>telewizory,<\/li>\n\n\n\n<li>sprz\u0119t AGD (pralki, lod\u00f3wki, zmywarki),<\/li>\n\n\n\n<li>sprz\u0119t ogrodowy,<br>zalecamy <strong>oryginalne opakowania lub dedykowane kartony<\/strong>. W przypadku ich braku \u2013 skontaktuj si\u0119 z nami, a doradzimy, jak najlepiej przygotowa\u0107 przesy\u0142k\u0119 i wykonamy indywidualn\u0105 wycen\u0119.<\/li>\n<\/ul>\n\n\n\n<hr class=\"wp-block-separator has-alpha-channel-opacity\"\/>\n\n\n\n<h2 class=\"wp-block-heading\">\ud83d\udcac Najcz\u0119stsze b\u0142\u0119dy przy pakowaniu paczek<\/h2>\n\n\n\n<p>\ud83d\udeab Brak zabezpieczenia wewn\u0105trz \u2013 przedmioty obijaj\u0105 si\u0119 o siebie<br>\ud83d\udeab Kartony po butach lub z supermarket\u00f3w \u2013 zbyt cienkie, \u0142atwo si\u0119 rozrywaj\u0105<br>\ud83d\udeab Zbyt du\u017ca paczka z pust\u0105 przestrzeni\u0105 \u2013 zawarto\u015b\u0107 mo\u017ce si\u0119 uszkodzi\u0107<br>\ud83d\udeab S\u0142abe ta\u015bmy klej\u0105ce \u2013 paczka mo\u017ce si\u0119 otworzy\u0107 w transporcie<\/p>\n\n\n\n<hr class=\"wp-block-separator has-alpha-channel-opacity\"\/>\n\n\n\n<h2 class=\"wp-block-heading\">\u2709\ufe0f Dlaczego to takie wa\u017cne?<\/h2>\n\n\n\n<p>Odpowiednio przygotowana paczka:<\/p>\n\n\n\n<ul class=\"wp-block-list\">\n<li>lepiej znosi trudy transportu,<\/li>\n\n\n\n<li>zmniejsza ryzyko reklamacji,<\/li>\n\n\n\n<li>nie nara\u017ca Ci\u0119 na dodatkowe koszty (np. w przypadku uszkodze\u0144 lub przekroczenia wymiar\u00f3w),<\/li>\n\n\n\n<li><strong>jest zgodna z naszym regulaminem<\/strong> i trafia szybciej do odbiorcy.<\/li>\n<\/ul>\n\n\n\n<hr class=\"wp-block-separator has-alpha-channel-opacity\"\/>\n\n\n\n<h2 class=\"wp-block-heading\">\ud83d\ude9a Zaufaj do\u015bwiadczeniu EuroVan Dania<\/h2>\n\n\n\n<p>Pami\u0119taj \u2013 odpowiednie pakowanie to wsp\u00f3lna odpowiedzialno\u015b\u0107.<br>My zadbamy o to, by Twoja paczka dotar\u0142a bezpiecznie, ale to, <strong>jak j\u0105 przygotujesz<\/strong>, ma ogromne znaczenie.<\/p>\n\n\n\n<p>Masz w\u0105tpliwo\u015bci, czy Twoja paczka jest poprawnie zapakowana?<br>\ud83d\udce9 Napisz do nas lub zadzwo\u0144 \u2013 doradzimy!<\/p>\n\n\n\n<p>\ud83d\udcde +48 602 454 656 | +45 71 56 50 80<br>\ud83d\udce7 <a>kontakt@eurovan-dania.com.pl<\/a><\/p>\n","protected":false},"excerpt":{"rendered":"<p>Bezpieczne pakowanie paczek to podstawa ka\u017cdej udanej wysy\u0142ki \u2013 zw\u0142aszcza, gdy m\u00f3wimy o transporcie mi\u0119dzynarodowym Polska\u2013Dania. Odpowiednie przygotowanie przesy\u0142ki nie tylko chroni jej&#8230;<\/p>\n","protected":false},"author":1,"featured_media":0,"comment_status":"open","ping_status":"open","sticky":false,"template":"","format":"standard","meta":{"give_campaign_id":0,"_EventAllDay":false,"_EventTimezone":"","_EventStartDate":"","_EventEndDate":"","_EventStartDateUTC":"","_EventEndDateUTC":"","_EventShowMap":false,"_EventShowMapLink":false,"_EventURL":"","_EventCost":"","_EventCostDescription":"","_EventCurrencySymbol":"","_EventCurrencyCode":"","_EventCurrencyPosition":"","_EventDateTimeSeparator":"","_EventTimeRangeSeparator":"","_EventOrganizerID":[],"_EventVenueID":[],"_OrganizerEmail":"","_OrganizerPhone":"","_OrganizerWebsite":"","_VenueAddress":"","_VenueCity":"","_VenueCountry":"","_VenueProvince":"","_VenueState":"","_VenueZip":"","_VenuePhone":"","_VenueURL":"","_VenueStateProvince":"","_VenueLat":"","_VenueLng":"","_VenueShowMap":false,"_VenueShowMapLink":false,"_kadence_starter_templates_imported_post":false,"_kad_post_transparent":"","_kad_post_title":"","_kad_post_layout":"","_kad_post_sidebar_id":"","_kad_post_content_style":"","_kad_post_vertical_padding":"","_kad_post_feature":"","_kad_post_feature_position":"","_kad_post_header":false,"_kad_post_footer":false,"_joinchat":[],"footnotes":""},"categories":[11,12],"tags":[],"class_list":["post-1761","post","type-post","status-publish","format-standard","hentry","category-blog","category-pakowanie-paczek"],"_links":{"self":[{"href":"https:\/\/www.eurovan-dania.com.pl\/index.php?rest_route=\/wp\/v2\/posts\/1761","targetHints":{"allow":["GET"]}}],"collection":[{"href":"https:\/\/www.eurovan-dania.com.pl\/index.php?rest_route=\/wp\/v2\/posts"}],"about":[{"href":"https:\/\/www.eurovan-dania.com.pl\/index.php?rest_route=\/wp\/v2\/types\/post"}],"author":[{"embeddable":true,"href":"https:\/\/www.eurovan-dania.com.pl\/index.php?rest_route=\/wp\/v2\/users\/1"}],"replies":[{"embeddable":true,"href":"https:\/\/www.eurovan-dania.com.pl\/index.php?rest_route=%2Fwp%2Fv2%2Fcomments&post=1761"}],"version-history":[{"count":2,"href":"https:\/\/www.eurovan-dania.com.pl\/index.php?rest_route=\/wp\/v2\/posts\/1761\/revisions"}],"predecessor-version":[{"id":1763,"href":"https:\/\/www.eurovan-dania.com.pl\/index.php?rest_route=\/wp\/v2\/posts\/1761\/revisions\/1763"}],"wp:attachment":[{"href":"https:\/\/www.eurovan-dania.com.pl\/index.php?rest_route=%2Fwp%2Fv2%2Fmedia&parent=1761"}],"wp:term":[{"taxonomy":"category","embeddable":true,"href":"https:\/\/www.eurovan-dania.com.pl\/index.php?rest_route=%2Fwp%2Fv2%2Fcategories&post=1761"},{"taxonomy":"post_tag","embeddable":true,"href":"https:\/\/www.eurovan-dania.com.pl\/index.php?rest_route=%2Fwp%2Fv2%2Ftags&post=1761"}],"curies":[{"name":"wp","href":"https:\/\/api.w.org\/{rel}","templated":true}]}}